{"id":41453,"date":"2024-09-03T09:14:45","date_gmt":"2024-09-03T09:14:45","guid":{"rendered":"https:\/\/www.busabt.hu\/blog\/un-petit-relachement-estival-une-histoire-de-sous-solage-moyennement-profond\/"},"modified":"2024-11-29T12:06:28","modified_gmt":"2024-11-29T12:06:28","slug":"un-petit-relachement-estival-une-histoire-de-sous-solage-moyennement-profond","status":"publish","type":"post","link":"https:\/\/www.busabt.hu\/fr\/blog\/un-petit-relachement-estival-une-histoire-de-sous-solage-moyennement-profond\/","title":{"rendered":"Un Petit Rel\u00e2chement Estival &#8211; Une Histoire de Sous-solage Moyennement Profond"},"content":{"rendered":"\t\t<div data-elementor-type=\"wp-post\" data-elementor-id=\"41453\" class=\"elementor elementor-41453 elementor-6932\" data-elementor-post-type=\"post\">\n\t\t\t\t\t\t<section class=\"elementor-section elementor-top-section elementor-element elementor-element-4cee6fe0 elementor-section-boxed elementor-section-height-default elementor-section-height-default\" data-id=\"4cee6fe0\" data-element_type=\"section\">\n\t\t\t\t\t\t<div class=\"elementor-container elementor-column-gap-default\">\n\t\t\t\t\t<div class=\"elementor-column elementor-col-100 elementor-top-column elementor-element elementor-element-6a57afd5\" data-id=\"6a57afd5\" data-element_type=\"column\">\n\t\t\t<div class=\"elementor-widget-wrap elementor-element-populated\">\n\t\t\t\t\t\t<div class=\"elementor-element elementor-element-570bbafa elementor-widget elementor-widget-text-editor\" data-id=\"570bbafa\" data-element_type=\"widget\" data-widget_type=\"text-editor.default\">\n\t\t\t\t<div class=\"elementor-widget-container\">\n\t\t\t\t\t\t\t\t\t<p style=\"text-align: justify;\"><span style=\"color: var( --e-global-color-text );\">Nous ameublissons le sol pour \u00e9liminer son compactage nocif. Au fil du temps et de l&rsquo;utilisation continue, notre sol devient compact et envas\u00e9, ce qui entra\u00eene une stagnation de l&rsquo;eau au printemps, une incapacit\u00e9 \u00e0 absorber les fortes pluies, un ruissellement de surface et un ass\u00e8chement rapide en \u00e9t\u00e9. Les plantes souffrent sur ce type de sol, se noient dans l&rsquo;eau au printemps, se dess\u00e8chent en \u00e9t\u00e9, les racines ne peuvent pas pousser vers le bas et manquent g\u00e9n\u00e9ralement d&rsquo;air. Il existe quelques exceptions o\u00f9 un p\u00e9n\u00e9trom\u00e8tre peut \u00eatre ins\u00e9r\u00e9 \u00e0 50 cm dans le sol \u00e0 tout moment, mais la plupart des sols de notre pays doivent \u00eatre ameublis avec un sous-soleur de profondeur moyenne.   <\/span><\/p>\n\t\t\t\t\t\t\t\t<\/div>\n\t\t\t\t<\/div>\n\t\t\t\t\t<\/div>\n\t\t<\/div>\n\t\t\t\t\t<\/div>\n\t\t<\/section>\n\t\t\t\t<section class=\"elementor-section elementor-top-section elementor-element elementor-element-a0d70fd elementor-section-boxed elementor-section-height-default elementor-section-height-default\" data-id=\"a0d70fd\" data-element_type=\"section\">\n\t\t\t\t\t\t<div class=\"elementor-container elementor-column-gap-default\">\n\t\t\t\t\t<div class=\"elementor-column elementor-col-100 elementor-top-column elementor-element elementor-element-b1047c9\" data-id=\"b1047c9\" data-element_type=\"column\">\n\t\t\t<div class=\"elementor-widget-wrap elementor-element-populated\">\n\t\t\t\t\t\t<div class=\"elementor-element elementor-element-4ffbd0b elementor-widget__width-inherit elementor-widget elementor-widget-heading\" data-id=\"4ffbd0b\" data-element_type=\"widget\" data-widget_type=\"heading.default\">\n\t\t\t\t<div class=\"elementor-widget-container\">\n\t\t\t\t\t<h3 class=\"elementor-heading-title elementor-size-default\">Caract\u00e9ristiques de la Fissuration<\/h3>\t\t\t\t<\/div>\n\t\t\t\t<\/div>\n\t\t\t\t<div class=\"elementor-element elementor-element-63f0533 elementor-widget-divider--view-line elementor-widget elementor-widget-divider\" data-id=\"63f0533\" data-element_type=\"widget\" data-widget_type=\"divider.default\">\n\t\t\t\t<div class=\"elementor-widget-container\">\n\t\t\t\t\t\t\t<div class=\"elementor-divider\">\n\t\t\t<span class=\"elementor-divider-separator\">\n\t\t\t\t\t\t<\/span>\n\t\t<\/div>\n\t\t\t\t\t\t<\/div>\n\t\t\t\t<\/div>\n\t\t\t\t\t<\/div>\n\t\t<\/div>\n\t\t\t\t\t<\/div>\n\t\t<\/section>\n\t\t\t\t<section class=\"elementor-section elementor-top-section elementor-element elementor-element-e41041e elementor-section-boxed elementor-section-height-default elementor-section-height-default\" data-id=\"e41041e\" data-element_type=\"section\">\n\t\t\t\t\t\t<div class=\"elementor-container elementor-column-gap-default\">\n\t\t\t\t\t<div class=\"elementor-column elementor-col-100 elementor-top-column elementor-element elementor-element-5256e33\" data-id=\"5256e33\" data-element_type=\"column\">\n\t\t\t<div class=\"elementor-widget-wrap elementor-element-populated\">\n\t\t\t\t\t\t<div class=\"elementor-element elementor-element-71542d8 elementor-widget elementor-widget-text-editor\" data-id=\"71542d8\" data-element_type=\"widget\" data-widget_type=\"text-editor.default\">\n\t\t\t\t<div class=\"elementor-widget-container\">\n\t\t\t\t\t\t\t\t\t<p style=\"text-align: justify;\"><span style=\"color: var( --e-global-color-text );\">Voyons comment fonctionne l&rsquo;ameublissement ! Essentiellement, la sous-soleuse ameublit le sol en le fissurant. La pointe de la sous-soleuse appuie sur le sol devant elle et tente de le d\u00e9placer vers le haut, ce qui provoque son \u00e9clatement. Le sol se fissure en arc de cercle devant la pointe, selon les propri\u00e9t\u00e9s du sol. Sur un sol lourd et sec, ces fissures peuvent \u00eatre ressenties sur une sous-soleuse avec peu de lames, car elles arr\u00eatent le tracteur par intermittence.    <\/span><\/p>\n\t\t\t\t\t\t\t\t<\/div>\n\t\t\t\t<\/div>\n\t\t\t\t\t<\/div>\n\t\t<\/div>\n\t\t\t\t\t<\/div>\n\t\t<\/section>\n\t\t\t\t<section class=\"elementor-section elementor-top-section elementor-element elementor-element-12f45a39 elementor-section-boxed elementor-section-height-default elementor-section-height-default\" data-id=\"12f45a39\" data-element_type=\"section\">\n\t\t\t\t\t\t<div class=\"elementor-container elementor-column-gap-default\">\n\t\t\t\t\t<div class=\"elementor-column elementor-col-100 elementor-top-column elementor-element elementor-element-225f79ec\" data-id=\"225f79ec\" data-element_type=\"column\">\n\t\t\t<div class=\"elementor-widget-wrap elementor-element-populated\">\n\t\t\t\t\t\t<div class=\"elementor-element elementor-element-6212d537 elementor-widget elementor-widget-gallery\" data-id=\"6212d537\" data-element_type=\"widget\" data-settings=\"{&quot;image_hover_animation&quot;:&quot;grow&quot;,&quot;columns&quot;:2,&quot;lazyload&quot;:&quot;yes&quot;,&quot;gallery_layout&quot;:&quot;grid&quot;,&quot;columns_tablet&quot;:2,&quot;columns_mobile&quot;:1,&quot;gap&quot;:{&quot;unit&quot;:&quot;px&quot;,&quot;size&quot;:10,&quot;sizes&quot;:[]},&quot;gap_tablet&quot;:{&quot;unit&quot;:&quot;px&quot;,&quot;size&quot;:10,&quot;sizes&quot;:[]},&quot;gap_mobile&quot;:{&quot;unit&quot;:&quot;px&quot;,&quot;size&quot;:10,&quot;sizes&quot;:[]},&quot;link_to&quot;:&quot;file&quot;,&quot;aspect_ratio&quot;:&quot;3:2&quot;}\" data-widget_type=\"gallery.default\">\n\t\t\t\t<div class=\"elementor-widget-container\">\n\t\t\t\t\t\t\t<div class=\"elementor-gallery__container\">\n\t\t\t\t\t\t\t<a class=\"e-gallery-item elementor-gallery-item elementor-animated-content\" href=\"https:\/\/www.busabt.hu\/wp-content\/uploads\/busa_blog_subsoiler_III_1.jpg\" data-elementor-open-lightbox=\"yes\" data-elementor-lightbox-slideshow=\"6212d537\" data-elementor-lightbox-title=\"busa_blog_subsoiler_III_1\" data-e-action-hash=\"#elementor-action%3Aaction%3Dlightbox%26settings%3DeyJpZCI6MzI1NDEsInVybCI6Imh0dHBzOlwvXC93d3cuYnVzYWJ0Lmh1XC93cC1jb250ZW50XC91cGxvYWRzXC9idXNhX2Jsb2dfc3Vic29pbGVyX0lJSV8xLmpwZyIsInNsaWRlc2hvdyI6IjYyMTJkNTM3In0%3D\">\n\t\t\t\t\t<div class=\"e-gallery-image elementor-gallery-item__image\" data-thumbnail=\"https:\/\/www.busabt.hu\/wp-content\/uploads\/busa_blog_subsoiler_III_1-768x347.jpg\" data-width=\"768\" data-height=\"347\" aria-label=\"\" role=\"img\" ><\/div>\n\t\t\t\t\t\t\t\t\t\t\t\t\t\t<\/a>\n\t\t\t\t\t<\/div>\n\t\t\t\t\t<\/div>\n\t\t\t\t<\/div>\n\t\t\t\t\t<\/div>\n\t\t<\/div>\n\t\t\t\t\t<\/div>\n\t\t<\/section>\n\t\t\t\t<section class=\"elementor-section elementor-top-section elementor-element elementor-element-fde675e elementor-section-boxed elementor-section-height-default elementor-section-height-default\" data-id=\"fde675e\" data-element_type=\"section\">\n\t\t\t\t\t\t<div class=\"elementor-container elementor-column-gap-default\">\n\t\t\t\t\t<div class=\"elementor-column elementor-col-100 elementor-top-column elementor-element elementor-element-ca42ed3\" data-id=\"ca42ed3\" data-element_type=\"column\">\n\t\t\t<div class=\"elementor-widget-wrap elementor-element-populated\">\n\t\t\t\t\t\t<div class=\"elementor-element elementor-element-147bd44 elementor-widget__width-inherit elementor-widget elementor-widget-heading\" data-id=\"147bd44\" data-element_type=\"widget\" data-widget_type=\"heading.default\">\n\t\t\t\t<div class=\"elementor-widget-container\">\n\t\t\t\t\t<h3 class=\"elementor-heading-title elementor-size-default\">Variation de l'angle de fissure avec l'espacement des lames et la coh\u00e9sion du sol<\/h3>\t\t\t\t<\/div>\n\t\t\t\t<\/div>\n\t\t\t\t<div class=\"elementor-element elementor-element-7ef3e34 elementor-widget-divider--view-line elementor-widget elementor-widget-divider\" data-id=\"7ef3e34\" data-element_type=\"widget\" data-widget_type=\"divider.default\">\n\t\t\t\t<div class=\"elementor-widget-container\">\n\t\t\t\t\t\t\t<div class=\"elementor-divider\">\n\t\t\t<span class=\"elementor-divider-separator\">\n\t\t\t\t\t\t<\/span>\n\t\t<\/div>\n\t\t\t\t\t\t<\/div>\n\t\t\t\t<\/div>\n\t\t\t\t\t<\/div>\n\t\t<\/div>\n\t\t\t\t\t<\/div>\n\t\t<\/section>\n\t\t\t\t<section class=\"elementor-section elementor-top-section elementor-element elementor-element-8421741 elementor-section-boxed elementor-section-height-default elementor-section-height-default\" data-id=\"8421741\" data-element_type=\"section\">\n\t\t\t\t\t\t<div class=\"elementor-container elementor-column-gap-default\">\n\t\t\t\t\t<div class=\"elementor-column elementor-col-100 elementor-top-column elementor-element elementor-element-e7cf99b\" data-id=\"e7cf99b\" data-element_type=\"column\">\n\t\t\t<div class=\"elementor-widget-wrap elementor-element-populated\">\n\t\t\t\t\t\t<div class=\"elementor-element elementor-element-7d7f223 elementor-widget elementor-widget-text-editor\" data-id=\"7d7f223\" data-element_type=\"widget\" data-widget_type=\"text-editor.default\">\n\t\t\t\t<div class=\"elementor-widget-container\">\n\t\t\t\t\t\t\t\t\t<p style=\"text-align: justify;\">Que faut-il en d\u00e9duire? Tout d\u2019abord, les ailes plac\u00e9es sur le c\u00f4t\u00e9 de la colonne vert\u00e9brale ne sont pas tr\u00e8s utiles, car elles op\u00e8rent dans une section d\u00e9j\u00e0 desserr\u00e9e, mais nous y reviendrons. Les ailes sont plac\u00e9es en dessous, o\u00f9 elles \u00e9largissent la section fissur\u00e9e par la pointe. Plus le sol est lourd, plus l\u2019angle de la fissure est plat, donc moins les ailes sont utiles. Cela pose un bon dilemme: quel est le pic le moins profond entre le travail de deux lames?     <\/p>\n\t\t\t\t\t\t\t\t<\/div>\n\t\t\t\t<\/div>\n\t\t\t\t\t<\/div>\n\t\t<\/div>\n\t\t\t\t\t<\/div>\n\t\t<\/section>\n\t\t\t\t<section class=\"elementor-section elementor-top-section elementor-element elementor-element-3d1e96c elementor-section-boxed elementor-section-height-default elementor-section-height-default\" data-id=\"3d1e96c\" data-element_type=\"section\">\n\t\t\t\t\t\t<div class=\"elementor-container elementor-column-gap-default\">\n\t\t\t\t\t<div class=\"elementor-column elementor-col-100 elementor-top-column elementor-element elementor-element-075a6f4\" data-id=\"075a6f4\" data-element_type=\"column\">\n\t\t\t<div class=\"elementor-widget-wrap elementor-element-populated\">\n\t\t\t\t\t\t<div class=\"elementor-element elementor-element-dd36b5c elementor-widget elementor-widget-gallery\" data-id=\"dd36b5c\" data-element_type=\"widget\" data-settings=\"{&quot;image_hover_animation&quot;:&quot;grow&quot;,&quot;columns&quot;:2,&quot;lazyload&quot;:&quot;yes&quot;,&quot;gallery_layout&quot;:&quot;grid&quot;,&quot;columns_tablet&quot;:2,&quot;columns_mobile&quot;:1,&quot;gap&quot;:{&quot;unit&quot;:&quot;px&quot;,&quot;size&quot;:10,&quot;sizes&quot;:[]},&quot;gap_tablet&quot;:{&quot;unit&quot;:&quot;px&quot;,&quot;size&quot;:10,&quot;sizes&quot;:[]},&quot;gap_mobile&quot;:{&quot;unit&quot;:&quot;px&quot;,&quot;size&quot;:10,&quot;sizes&quot;:[]},&quot;link_to&quot;:&quot;file&quot;,&quot;aspect_ratio&quot;:&quot;3:2&quot;}\" data-widget_type=\"gallery.default\">\n\t\t\t\t<div class=\"elementor-widget-container\">\n\t\t\t\t\t\t\t<div class=\"elementor-gallery__container\">\n\t\t\t\t\t\t\t<a class=\"e-gallery-item elementor-gallery-item elementor-animated-content\" href=\"https:\/\/www.busabt.hu\/wp-content\/uploads\/busa_blog_subsoiler_III_2.jpg\" data-elementor-open-lightbox=\"yes\" data-elementor-lightbox-slideshow=\"dd36b5c\" data-elementor-lightbox-title=\"busa_blog_subsoiler_III_2\" data-e-action-hash=\"#elementor-action%3Aaction%3Dlightbox%26settings%3DeyJpZCI6MzI1NDQsInVybCI6Imh0dHBzOlwvXC93d3cuYnVzYWJ0Lmh1XC93cC1jb250ZW50XC91cGxvYWRzXC9idXNhX2Jsb2dfc3Vic29pbGVyX0lJSV8yLmpwZyIsInNsaWRlc2hvdyI6ImRkMzZiNWMifQ%3D%3D\">\n\t\t\t\t\t<div class=\"e-gallery-image elementor-gallery-item__image\" data-thumbnail=\"https:\/\/www.busabt.hu\/wp-content\/uploads\/busa_blog_subsoiler_III_2-768x217.jpg\" data-width=\"768\" data-height=\"217\" aria-label=\"\" role=\"img\" ><\/div>\n\t\t\t\t\t\t\t\t\t\t\t\t\t\t<\/a>\n\t\t\t\t\t<\/div>\n\t\t\t\t\t<\/div>\n\t\t\t\t<\/div>\n\t\t\t\t\t<\/div>\n\t\t<\/div>\n\t\t\t\t\t<\/div>\n\t\t<\/section>\n\t\t\t\t<section class=\"elementor-section elementor-top-section elementor-element elementor-element-2a42cf3 elementor-section-boxed elementor-section-height-default elementor-section-height-default\" data-id=\"2a42cf3\" data-element_type=\"section\">\n\t\t\t\t\t\t<div class=\"elementor-container elementor-column-gap-default\">\n\t\t\t\t\t<div class=\"elementor-column elementor-col-100 elementor-top-column elementor-element elementor-element-253529a\" data-id=\"253529a\" data-element_type=\"column\">\n\t\t\t<div class=\"elementor-widget-wrap elementor-element-populated\">\n\t\t\t\t\t\t<div class=\"elementor-element elementor-element-b91e2f6 elementor-widget__width-inherit elementor-widget elementor-widget-heading\" data-id=\"b91e2f6\" data-element_type=\"widget\" data-widget_type=\"heading.default\">\n\t\t\t\t<div class=\"elementor-widget-container\">\n\t\t\t\t\t<h3 class=\"elementor-heading-title elementor-size-default\">T\u00eates de sous-soleuses ail\u00e9es et sans ailes<\/h3>\t\t\t\t<\/div>\n\t\t\t\t<\/div>\n\t\t\t\t<div class=\"elementor-element elementor-element-a5bf4a7 elementor-widget-divider--view-line elementor-widget elementor-widget-divider\" data-id=\"a5bf4a7\" data-element_type=\"widget\" data-widget_type=\"divider.default\">\n\t\t\t\t<div class=\"elementor-widget-container\">\n\t\t\t\t\t\t\t<div class=\"elementor-divider\">\n\t\t\t<span class=\"elementor-divider-separator\">\n\t\t\t\t\t\t<\/span>\n\t\t<\/div>\n\t\t\t\t\t\t<\/div>\n\t\t\t\t<\/div>\n\t\t\t\t\t<\/div>\n\t\t<\/div>\n\t\t\t\t\t<\/div>\n\t\t<\/section>\n\t\t\t\t<section class=\"elementor-section elementor-top-section elementor-element elementor-element-325b8aa elementor-section-boxed elementor-section-height-default elementor-section-height-default\" data-id=\"325b8aa\" data-element_type=\"section\">\n\t\t\t\t\t\t<div class=\"elementor-container elementor-column-gap-default\">\n\t\t\t\t\t<div class=\"elementor-column elementor-col-100 elementor-top-column elementor-element elementor-element-8832269\" data-id=\"8832269\" data-element_type=\"column\">\n\t\t\t<div class=\"elementor-widget-wrap elementor-element-populated\">\n\t\t\t\t\t\t<div class=\"elementor-element elementor-element-a633663 elementor-widget elementor-widget-text-editor\" data-id=\"a633663\" data-element_type=\"widget\" data-widget_type=\"text-editor.default\">\n\t\t\t\t<div class=\"elementor-widget-container\">\n\t\t\t\t\t\t\t\t\t<p style=\"text-align: justify;\"><span style=\"color: var( --e-global-color-text );\">En fonction de cela, dans les \u00e9t\u00e9s plus secs et sur les champs plus lourds, nous pouvons utiliser un espacement plus large des lames ou omettre les ailes, tandis que dans les cas moins extr\u00eames, des ailes et un espacement plus dense sont n\u00e9cessaires. <\/span>Alors pourquoi n&rsquo;utilisons-nous pas des sous-soleuses sans ailes \u00e0 espacement dense? C&rsquo;est simple, la plaque dorsale a une r\u00e9sistance, il est donc plus efficace d&rsquo;\u00e9largir la t\u00eate de travail. <\/p>\n\t\t\t\t\t\t\t\t<\/div>\n\t\t\t\t<\/div>\n\t\t\t\t\t<\/div>\n\t\t<\/div>\n\t\t\t\t\t<\/div>\n\t\t<\/section>\n\t\t\t\t<section class=\"elementor-section elementor-top-section elementor-element elementor-element-21e5834 elementor-section-boxed elementor-section-height-default elementor-section-height-default\" data-id=\"21e5834\" data-element_type=\"section\">\n\t\t\t\t\t\t<div class=\"elementor-container elementor-column-gap-default\">\n\t\t\t\t\t<div class=\"elementor-column elementor-col-100 elementor-top-column elementor-element elementor-element-aabf1d1\" data-id=\"aabf1d1\" data-element_type=\"column\">\n\t\t\t<div class=\"elementor-widget-wrap elementor-element-populated\">\n\t\t\t\t\t\t<div class=\"elementor-element elementor-element-51f349b elementor-widget elementor-widget-gallery\" data-id=\"51f349b\" data-element_type=\"widget\" data-settings=\"{&quot;image_hover_animation&quot;:&quot;grow&quot;,&quot;columns&quot;:2,&quot;lazyload&quot;:&quot;yes&quot;,&quot;gallery_layout&quot;:&quot;grid&quot;,&quot;columns_tablet&quot;:2,&quot;columns_mobile&quot;:1,&quot;gap&quot;:{&quot;unit&quot;:&quot;px&quot;,&quot;size&quot;:10,&quot;sizes&quot;:[]},&quot;gap_tablet&quot;:{&quot;unit&quot;:&quot;px&quot;,&quot;size&quot;:10,&quot;sizes&quot;:[]},&quot;gap_mobile&quot;:{&quot;unit&quot;:&quot;px&quot;,&quot;size&quot;:10,&quot;sizes&quot;:[]},&quot;link_to&quot;:&quot;file&quot;,&quot;aspect_ratio&quot;:&quot;3:2&quot;}\" data-widget_type=\"gallery.default\">\n\t\t\t\t<div class=\"elementor-widget-container\">\n\t\t\t\t\t\t\t<div class=\"elementor-gallery__container\">\n\t\t\t\t\t\t\t<a class=\"e-gallery-item elementor-gallery-item elementor-animated-content\" href=\"https:\/\/www.busabt.hu\/wp-content\/uploads\/busa_blog_subsoiler_III_3.jpg\" data-elementor-open-lightbox=\"yes\" data-elementor-lightbox-slideshow=\"51f349b\" data-elementor-lightbox-title=\"busa_blog_subsoiler_III_3\" data-e-action-hash=\"#elementor-action%3Aaction%3Dlightbox%26settings%3DeyJpZCI6MzI1NDcsInVybCI6Imh0dHBzOlwvXC93d3cuYnVzYWJ0Lmh1XC93cC1jb250ZW50XC91cGxvYWRzXC9idXNhX2Jsb2dfc3Vic29pbGVyX0lJSV8zLmpwZyIsInNsaWRlc2hvdyI6IjUxZjM0OWIifQ%3D%3D\">\n\t\t\t\t\t<div class=\"e-gallery-image elementor-gallery-item__image\" data-thumbnail=\"https:\/\/www.busabt.hu\/wp-content\/uploads\/busa_blog_subsoiler_III_3-768x269.jpg\" data-width=\"768\" data-height=\"269\" aria-label=\"\" role=\"img\" ><\/div>\n\t\t\t\t\t\t\t\t\t\t\t\t\t\t<\/a>\n\t\t\t\t\t<\/div>\n\t\t\t\t\t<\/div>\n\t\t\t\t<\/div>\n\t\t\t\t\t<\/div>\n\t\t<\/div>\n\t\t\t\t\t<\/div>\n\t\t<\/section>\n\t\t\t\t<section class=\"elementor-section elementor-top-section elementor-element elementor-element-a6bd79b elementor-section-boxed elementor-section-height-default elementor-section-height-default\" data-id=\"a6bd79b\" data-element_type=\"section\">\n\t\t\t\t\t\t<div class=\"elementor-container elementor-column-gap-default\">\n\t\t\t\t\t<div class=\"elementor-column elementor-col-100 elementor-top-column elementor-element elementor-element-2e85b10\" data-id=\"2e85b10\" data-element_type=\"column\">\n\t\t\t<div class=\"elementor-widget-wrap elementor-element-populated\">\n\t\t\t\t\t\t<div class=\"elementor-element elementor-element-15be8b3 elementor-widget__width-inherit elementor-widget elementor-widget-heading\" data-id=\"15be8b3\" data-element_type=\"widget\" data-widget_type=\"heading.default\">\n\t\t\t\t<div class=\"elementor-widget-container\">\n\t\t\t\t\t<h3 class=\"elementor-heading-title elementor-size-default\">Profondeur de travail critique et r\u00e9partition de la profondeur de coupe<\/h3>\t\t\t\t<\/div>\n\t\t\t\t<\/div>\n\t\t\t\t<div class=\"elementor-element elementor-element-f38a8d9 elementor-widget-divider--view-line elementor-widget elementor-widget-divider\" data-id=\"f38a8d9\" data-element_type=\"widget\" data-widget_type=\"divider.default\">\n\t\t\t\t<div class=\"elementor-widget-container\">\n\t\t\t\t\t\t\t<div class=\"elementor-divider\">\n\t\t\t<span class=\"elementor-divider-separator\">\n\t\t\t\t\t\t<\/span>\n\t\t<\/div>\n\t\t\t\t\t\t<\/div>\n\t\t\t\t<\/div>\n\t\t\t\t\t<\/div>\n\t\t<\/div>\n\t\t\t\t\t<\/div>\n\t\t<\/section>\n\t\t\t\t<section class=\"elementor-section elementor-top-section elementor-element elementor-element-abf28c1 elementor-section-boxed elementor-section-height-default elementor-section-height-default\" data-id=\"abf28c1\" data-element_type=\"section\">\n\t\t\t\t\t\t<div class=\"elementor-container elementor-column-gap-default\">\n\t\t\t\t\t<div class=\"elementor-column elementor-col-100 elementor-top-column elementor-element elementor-element-0b65c66\" data-id=\"0b65c66\" data-element_type=\"column\">\n\t\t\t<div class=\"elementor-widget-wrap elementor-element-populated\">\n\t\t\t\t\t\t<div class=\"elementor-element elementor-element-3384992 elementor-widget elementor-widget-text-editor\" data-id=\"3384992\" data-element_type=\"widget\" data-widget_type=\"text-editor.default\">\n\t\t\t\t<div class=\"elementor-widget-container\">\n\t\t\t\t\t\t\t\t\t<p style=\"text-align: justify;\">Le concept th\u00e9orique suivant est la <span style=\"font-weight: bold;\">profondeur critique de travail<\/span>. Elle limite la profondeur de l\u2019ameublissement, de sorte qu\u2019il est impossible d\u2019ameublir le sol \u00e0 n\u2019importe quelle profondeur par la force. En d\u2019autres termes, c\u2019est possible, mais ce n\u2019est pas de l\u2019ameublissement. Ainsi, si nous imaginons que notre t\u00eate d\u2019ameublissement soul\u00e8ve le sol vers l\u2019avant et vers le haut, plus nous travaillons en profondeur, plus la masse qu\u2019elle soul\u00e8ve et d\u00e9place est importante, plus la pression exerc\u00e9e sur la t\u00eate d\u2019ameublissement est forte. L\u2019acier est toujours l\u00e0, mais au bout d\u2019un moment, la charge est si importante que le sol pr\u00e8s de la t\u00eate c\u00e8de et tend \u00e0 contourner la t\u00eate d\u2019une mani\u00e8re ou d\u2019une autre, se compactant pratiquement. De cette fa\u00e7on, nous faisons exactement le contraire de ce que l\u2019on aurait voulu. Cela peut se produire en augmentant la profondeur, c\u2019est-\u00e0-dire la charge, ou en diminuant la capacit\u00e9 portante du sol. C\u2019est pourquoi nous n\u2019ameublissons pas le sol humide, car nous ne ferions que compacter un canal en dessous.       <\/p>\n<p style=\"text-align: justify;\">Cela correspond au fait que plus on va en profondeur, plus il est difficile de retirer le desserreur. C\u2019est l\u00e0 qu\u2019intervient le concept suivant, <span style=\"\">la r\u00e9partition de la profondeur de coupe<\/span>. Ou comment desserrer en profondeur si on n\u2019a pas de gros tracteur. Progressivement. Il n\u2019est pas difficile d\u2019imaginer qu\u2019il est plus facile de travailler sur des chaumes bruts que sur des chaumes labour\u00e9s, ou m\u00eame sur des terres labour\u00e9es et d\u00e9terr\u00e9es. Au d\u00e9but, cela semble absurde car on pi\u00e9tine le travail pr\u00e9c\u00e9dent, et il y aura des pertes dues \u00e0 la surface meuble, mais c\u2019est toujours mieux que de lutter et de d\u00e9chirer la machine \u00e0 une profondeur de 30 cm parce qu\u2019on n\u2019a pas de plus gros tracteur. Avec la r\u00e9partition de la profondeur de coupe, il suffit d\u2019ajouter la partie \u00e0 approfondir sous l\u2019op\u00e9ration pr\u00e9c\u00e9dente, de sorte que l\u2019objectif peut \u00eatre atteint progressivement. Oh, et il y a un autre avantage non n\u00e9gligeable. La surface sera plus belle, et id\u00e9alement, aucune terre sauvage ne remontera \u00e0 la surface.        <\/p>\n\t\t\t\t\t\t\t\t<\/div>\n\t\t\t\t<\/div>\n\t\t\t\t\t<\/div>\n\t\t<\/div>\n\t\t\t\t\t<\/div>\n\t\t<\/section>\n\t\t\t\t<section class=\"elementor-section elementor-top-section elementor-element elementor-element-d45387f elementor-section-boxed elementor-section-height-default elementor-section-height-default\" data-id=\"d45387f\" data-element_type=\"section\">\n\t\t\t\t\t\t<div class=\"elementor-container elementor-column-gap-default\">\n\t\t\t\t\t<div class=\"elementor-column elementor-col-100 elementor-top-column elementor-element elementor-element-54e84b8\" data-id=\"54e84b8\" data-element_type=\"column\">\n\t\t\t<div class=\"elementor-widget-wrap elementor-element-populated\">\n\t\t\t\t\t\t<div class=\"elementor-element elementor-element-bd9da67 elementor-widget elementor-widget-gallery\" data-id=\"bd9da67\" data-element_type=\"widget\" data-settings=\"{&quot;image_hover_animation&quot;:&quot;grow&quot;,&quot;columns&quot;:2,&quot;lazyload&quot;:&quot;yes&quot;,&quot;gallery_layout&quot;:&quot;grid&quot;,&quot;columns_tablet&quot;:2,&quot;columns_mobile&quot;:1,&quot;gap&quot;:{&quot;unit&quot;:&quot;px&quot;,&quot;size&quot;:10,&quot;sizes&quot;:[]},&quot;gap_tablet&quot;:{&quot;unit&quot;:&quot;px&quot;,&quot;size&quot;:10,&quot;sizes&quot;:[]},&quot;gap_mobile&quot;:{&quot;unit&quot;:&quot;px&quot;,&quot;size&quot;:10,&quot;sizes&quot;:[]},&quot;link_to&quot;:&quot;file&quot;,&quot;aspect_ratio&quot;:&quot;3:2&quot;}\" data-widget_type=\"gallery.default\">\n\t\t\t\t<div class=\"elementor-widget-container\">\n\t\t\t\t\t\t\t<div class=\"elementor-gallery__container\">\n\t\t\t\t\t\t\t<a class=\"e-gallery-item elementor-gallery-item elementor-animated-content\" href=\"https:\/\/www.busabt.hu\/wp-content\/uploads\/busa_blog_subsoiler_III_4.jpg\" data-elementor-open-lightbox=\"yes\" data-elementor-lightbox-slideshow=\"bd9da67\" data-elementor-lightbox-title=\"DCIM100GOPRO\" data-e-action-hash=\"#elementor-action%3Aaction%3Dlightbox%26settings%3DeyJpZCI6MzI1NTAsInVybCI6Imh0dHBzOlwvXC93d3cuYnVzYWJ0Lmh1XC93cC1jb250ZW50XC91cGxvYWRzXC9idXNhX2Jsb2dfc3Vic29pbGVyX0lJSV80LmpwZyIsInNsaWRlc2hvdyI6ImJkOWRhNjcifQ%3D%3D\">\n\t\t\t\t\t<div class=\"e-gallery-image elementor-gallery-item__image\" data-thumbnail=\"https:\/\/www.busabt.hu\/wp-content\/uploads\/busa_blog_subsoiler_III_4-768x512.jpg\" data-width=\"768\" data-height=\"512\" aria-label=\"\" role=\"img\" ><\/div>\n\t\t\t\t\t\t\t\t\t\t\t\t\t\t<\/a>\n\t\t\t\t\t<\/div>\n\t\t\t\t\t<\/div>\n\t\t\t\t<\/div>\n\t\t\t\t\t<\/div>\n\t\t<\/div>\n\t\t\t\t\t<\/div>\n\t\t<\/section>\n\t\t\t\t<section class=\"elementor-section elementor-top-section elementor-element elementor-element-d51bdfb elementor-section-boxed elementor-section-height-default elementor-section-height-default\" data-id=\"d51bdfb\" data-element_type=\"section\">\n\t\t\t\t\t\t<div class=\"elementor-container elementor-column-gap-default\">\n\t\t\t\t\t<div class=\"elementor-column elementor-col-100 elementor-top-column elementor-element elementor-element-0c54e27\" data-id=\"0c54e27\" data-element_type=\"column\">\n\t\t\t<div class=\"elementor-widget-wrap elementor-element-populated\">\n\t\t\t\t\t\t<div class=\"elementor-element elementor-element-d9ef500 elementor-widget__width-inherit elementor-widget elementor-widget-heading\" data-id=\"d9ef500\" data-element_type=\"widget\" data-widget_type=\"heading.default\">\n\t\t\t\t<div class=\"elementor-widget-container\">\n\t\t\t\t\t<h3 class=\"elementor-heading-title elementor-size-default\">Taux d'\u00e9l\u00e9vation du sol avec tiges droites et courbes<\/h3>\t\t\t\t<\/div>\n\t\t\t\t<\/div>\n\t\t\t\t<div class=\"elementor-element elementor-element-3b0e2dd elementor-widget-divider--view-line elementor-widget elementor-widget-divider\" data-id=\"3b0e2dd\" data-element_type=\"widget\" data-widget_type=\"divider.default\">\n\t\t\t\t<div class=\"elementor-widget-container\">\n\t\t\t\t\t\t\t<div class=\"elementor-divider\">\n\t\t\t<span class=\"elementor-divider-separator\">\n\t\t\t\t\t\t<\/span>\n\t\t<\/div>\n\t\t\t\t\t\t<\/div>\n\t\t\t\t<\/div>\n\t\t\t\t\t<\/div>\n\t\t<\/div>\n\t\t\t\t\t<\/div>\n\t\t<\/section>\n\t\t\t\t<section class=\"elementor-section elementor-top-section elementor-element elementor-element-9c6efe2 elementor-section-boxed elementor-section-height-default elementor-section-height-default\" data-id=\"9c6efe2\" data-element_type=\"section\">\n\t\t\t\t\t\t<div class=\"elementor-container elementor-column-gap-default\">\n\t\t\t\t\t<div class=\"elementor-column elementor-col-100 elementor-top-column elementor-element elementor-element-cad9ac7\" data-id=\"cad9ac7\" data-element_type=\"column\">\n\t\t\t<div class=\"elementor-widget-wrap elementor-element-populated\">\n\t\t\t\t\t\t<div class=\"elementor-element elementor-element-86666da elementor-widget elementor-widget-text-editor\" data-id=\"86666da\" data-element_type=\"widget\" data-widget_type=\"text-editor.default\">\n\t\t\t\t<div class=\"elementor-widget-container\">\n\t\t\t\t\t\t\t\t\t<p style=\"text-align: justify;\">Et ici, nous pouvons nous tourner vers la forme de la tige. Nous pouvons rencontrer deux tendances diff\u00e9rentes : l&rsquo;une est la tige courb\u00e9e, l&rsquo;autre est la tige droite. La tige courb\u00e9e est consid\u00e9r\u00e9e comme plus traditionnelle, comme les anciens IH, Jimpa ou Vibrolaz. Sa diffusion est due \u00e0 sa moindre r\u00e9sistance \u00e0 l&rsquo;arrachement. En effet, le sol fissur\u00e9 par la pointe peut rouler progressivement sur la tige en arrivant \u00e0 un angle plat, tandis que la tige droite le coupe. Cependant, cela entra\u00eene des diff\u00e9rences significatives dans la qualit\u00e9 du travail. Le travail des sous-soleuses \u00e0 lame courb\u00e9e est beaucoup plus irr\u00e9gulier, avec une \u00e9l\u00e9vation de surface beaucoup plus importante. Elles produisent d&rsquo;\u00e9normes mottes de terre, que l&rsquo;on essaie ensuite de briser avec des rouleaux \u00e0 pointes rugueuses. Ce n&rsquo;est pas un probl\u00e8me si nous planifions le labour primaire avec un outil motoris\u00e9, qui le g\u00e9rera, mais une arracheuse pourrait simplement rouler ces mottes de terre sous la surface. Un aspect int\u00e9ressant de cette op\u00e9ration est que, lors du passage d&rsquo;un sous-soleur \u00e0 tige courb\u00e9e \u00e0 un sous-soleur droit, la r\u00e9sistance sera \u00e9tonnamment \u00e9lev\u00e9e lors du premier passage, car le sous-soleur p\u00e9n\u00e9trera dans une profondeur qui n&rsquo;a pas \u00e9t\u00e9 ameublie auparavant. La profondeur ameublie pr\u00e9c\u00e9demment mesur\u00e9e ne correspondra pas \u00e0 la profondeur non ameublie maintenant.          <\/p>\n\t\t\t\t\t\t\t\t<\/div>\n\t\t\t\t<\/div>\n\t\t\t\t\t<\/div>\n\t\t<\/div>\n\t\t\t\t\t<\/div>\n\t\t<\/section>\n\t\t\t\t<section class=\"elementor-section elementor-top-section elementor-element elementor-element-40ec2ab elementor-section-boxed elementor-section-height-default elementor-section-height-default\" data-id=\"40ec2ab\" data-element_type=\"section\">\n\t\t\t\t\t\t<div class=\"elementor-container elementor-column-gap-default\">\n\t\t\t\t\t<div class=\"elementor-column elementor-col-100 elementor-top-column elementor-element elementor-element-23c34a4\" data-id=\"23c34a4\" data-element_type=\"column\">\n\t\t\t<div class=\"elementor-widget-wrap elementor-element-populated\">\n\t\t\t\t\t\t<div class=\"elementor-element elementor-element-db89917 elementor-widget elementor-widget-gallery\" data-id=\"db89917\" data-element_type=\"widget\" data-settings=\"{&quot;image_hover_animation&quot;:&quot;grow&quot;,&quot;columns&quot;:2,&quot;lazyload&quot;:&quot;yes&quot;,&quot;gallery_layout&quot;:&quot;grid&quot;,&quot;columns_tablet&quot;:2,&quot;columns_mobile&quot;:1,&quot;gap&quot;:{&quot;unit&quot;:&quot;px&quot;,&quot;size&quot;:10,&quot;sizes&quot;:[]},&quot;gap_tablet&quot;:{&quot;unit&quot;:&quot;px&quot;,&quot;size&quot;:10,&quot;sizes&quot;:[]},&quot;gap_mobile&quot;:{&quot;unit&quot;:&quot;px&quot;,&quot;size&quot;:10,&quot;sizes&quot;:[]},&quot;link_to&quot;:&quot;file&quot;,&quot;aspect_ratio&quot;:&quot;3:2&quot;}\" data-widget_type=\"gallery.default\">\n\t\t\t\t<div class=\"elementor-widget-container\">\n\t\t\t\t\t\t\t<div class=\"elementor-gallery__container\">\n\t\t\t\t\t\t\t<a class=\"e-gallery-item elementor-gallery-item elementor-animated-content\" href=\"https:\/\/www.busabt.hu\/wp-content\/uploads\/busa_blog_subsoiler_III_5.jpg\" data-elementor-open-lightbox=\"yes\" data-elementor-lightbox-slideshow=\"db89917\" data-elementor-lightbox-title=\"busa_blog_subsoiler_III_5\" data-e-action-hash=\"#elementor-action%3Aaction%3Dlightbox%26settings%3DeyJpZCI6MzI1NTMsInVybCI6Imh0dHBzOlwvXC93d3cuYnVzYWJ0Lmh1XC93cC1jb250ZW50XC91cGxvYWRzXC9idXNhX2Jsb2dfc3Vic29pbGVyX0lJSV81LmpwZyIsInNsaWRlc2hvdyI6ImRiODk5MTcifQ%3D%3D\">\n\t\t\t\t\t<div class=\"e-gallery-image elementor-gallery-item__image\" data-thumbnail=\"https:\/\/www.busabt.hu\/wp-content\/uploads\/busa_blog_subsoiler_III_5-768x217.jpg\" data-width=\"768\" data-height=\"217\" aria-label=\"\" role=\"img\" ><\/div>\n\t\t\t\t\t\t\t\t\t\t\t\t\t\t<\/a>\n\t\t\t\t\t<\/div>\n\t\t\t\t\t<\/div>\n\t\t\t\t<\/div>\n\t\t\t\t\t<\/div>\n\t\t<\/div>\n\t\t\t\t\t<\/div>\n\t\t<\/section>\n\t\t\t\t<section class=\"elementor-section elementor-top-section elementor-element elementor-element-f7c0d55 elementor-section-boxed elementor-section-height-default elementor-section-height-default\" data-id=\"f7c0d55\" data-element_type=\"section\">\n\t\t\t\t\t\t<div class=\"elementor-container elementor-column-gap-default\">\n\t\t\t\t\t<div class=\"elementor-column elementor-col-100 elementor-top-column elementor-element elementor-element-55e56ea\" data-id=\"55e56ea\" data-element_type=\"column\">\n\t\t\t<div class=\"elementor-widget-wrap elementor-element-populated\">\n\t\t\t\t\t\t<div class=\"elementor-element elementor-element-00a5a54 elementor-widget elementor-widget-text-editor\" data-id=\"00a5a54\" data-element_type=\"widget\" data-widget_type=\"text-editor.default\">\n\t\t\t\t<div class=\"elementor-widget-container\">\n\t\t\t\t\t\t\t\t\t<p style=\"text-align: justify;\">Je voudrais ici revenir aux ailes fix\u00e9es sur le c\u00f4t\u00e9 de la plaque de la tige. Ces ailes, ainsi que les pointes plac\u00e9es \u00e0 l&rsquo;avant de la tige, reconnaissent ce qui pr\u00e9c\u00e8de. Cependant, leur r\u00e9sistance suppl\u00e9mentaire peut \u00eatre sup\u00e9rieure \u00e0 celle de la tige droite.  <\/p>\n\t\t\t\t\t\t\t\t<\/div>\n\t\t\t\t<\/div>\n\t\t\t\t\t<\/div>\n\t\t<\/div>\n\t\t\t\t\t<\/div>\n\t\t<\/section>\n\t\t\t\t<section class=\"elementor-section elementor-top-section elementor-element elementor-element-40a79cd elementor-section-boxed elementor-section-height-default elementor-section-height-default\" data-id=\"40a79cd\" data-element_type=\"section\">\n\t\t\t\t\t\t<div class=\"elementor-container elementor-column-gap-default\">\n\t\t\t\t\t<div class=\"elementor-column elementor-col-100 elementor-top-column elementor-element elementor-element-c9e441d\" data-id=\"c9e441d\" data-element_type=\"column\">\n\t\t\t<div class=\"elementor-widget-wrap elementor-element-populated\">\n\t\t\t\t\t\t<div class=\"elementor-element elementor-element-7c412be elementor-widget elementor-widget-text-editor\" data-id=\"7c412be\" data-element_type=\"widget\" data-widget_type=\"text-editor.default\">\n\t\t\t\t<div class=\"elementor-widget-container\">\n\t\t\t\t\t\t\t\t\t<p style=\"text-align: justify;\">Les premiers sous-soleurs BUSA\u2122 \u00e9taient \u00e9galement dot\u00e9s de lames courb\u00e9es orient\u00e9es vers l&rsquo;avant. Nous avons d\u00e9velopp\u00e9 la version \u00e0 lame droite lorsque, dans nos propres champs, le sous-soleur ramenait le sous-sol \u00e0 la surface. L&rsquo;argile pouvait glisser sur la t\u00eate relativement longue et la tige large. <\/p>\n<p style=\"text-align: justify;\"><span style=\"color: var( --e-global-color-text );\">Actuellement, nous fabriquons nos sous-soleurs en agencements \u00e0 deux rang\u00e9es ou en V avec 3, 5 ou \u00e9ventuellement 7 \u00e9l\u00e9ments de travail. Les \u00e9l\u00e9ments de travail sont prot\u00e9g\u00e9s par des boulons de cisaillement et leur espacement peut \u00eatre r\u00e9gl\u00e9 de 520 mm \u00e0 700 mm, ce qui permet d&rsquo;obtenir un ameublissement appropri\u00e9 des couches moyennement profondes du sol.  Dans sa configuration standard, l&rsquo;outil est \u00e9quip\u00e9 d&rsquo;outils de sous-solage \u00e0 ailettes. Les pointes des outils sont en acier tremp\u00e9 ou, comme derni\u00e8re innovation, en carbure de tungst\u00e8ne. La profondeur de travail peut \u00eatre r\u00e9gl\u00e9e \u00e0 l&rsquo;aide du syst\u00e8me d&rsquo;attelage du tracteur, d&rsquo;une roue de limitation, mais le plus souvent \u00e0 l&rsquo;aide de l&rsquo;\u00e9l\u00e9ment de fermeture du rouleau. La profondeur de travail peut \u00eatre r\u00e9gl\u00e9e entre 300 mm et 500 mm. Chacun de nos sous-soleurs peut \u00eatre command\u00e9 avec un \u00e9l\u00e9ment de fermeture, qui peut \u00eatre reli\u00e9 en option \u00e0 l&rsquo;outil par un attelage \u00e0 trois points \u00e0 r\u00e9glage hydraulique. Il est \u00e9galement possible d&rsquo;\u00e9quiper diff\u00e9rents rouleaux profil\u00e9s et jeux de disques.     <\/span><\/p>\n\t\t\t\t\t\t\t\t<\/div>\n\t\t\t\t<\/div>\n\t\t\t\t\t<\/div>\n\t\t<\/div>\n\t\t\t\t\t<\/div>\n\t\t<\/section>\n\t\t\t\t<section class=\"elementor-section elementor-top-section elementor-element elementor-element-0a24bc2 elementor-section-boxed elementor-section-height-default elementor-section-height-default\" data-id=\"0a24bc2\" data-element_type=\"section\">\n\t\t\t\t\t\t<div class=\"elementor-container elementor-column-gap-default\">\n\t\t\t\t\t<div class=\"elementor-column elementor-col-100 elementor-top-column elementor-element elementor-element-b682fab\" data-id=\"b682fab\" data-element_type=\"column\">\n\t\t\t<div class=\"elementor-widget-wrap elementor-element-populated\">\n\t\t\t\t\t\t<div class=\"elementor-element elementor-element-05ce9f7 elementor-widget elementor-widget-gallery\" data-id=\"05ce9f7\" data-element_type=\"widget\" data-settings=\"{&quot;image_hover_animation&quot;:&quot;grow&quot;,&quot;columns&quot;:2,&quot;lazyload&quot;:&quot;yes&quot;,&quot;gallery_layout&quot;:&quot;grid&quot;,&quot;columns_tablet&quot;:2,&quot;columns_mobile&quot;:1,&quot;gap&quot;:{&quot;unit&quot;:&quot;px&quot;,&quot;size&quot;:10,&quot;sizes&quot;:[]},&quot;gap_tablet&quot;:{&quot;unit&quot;:&quot;px&quot;,&quot;size&quot;:10,&quot;sizes&quot;:[]},&quot;gap_mobile&quot;:{&quot;unit&quot;:&quot;px&quot;,&quot;size&quot;:10,&quot;sizes&quot;:[]},&quot;link_to&quot;:&quot;file&quot;,&quot;aspect_ratio&quot;:&quot;3:2&quot;}\" data-widget_type=\"gallery.default\">\n\t\t\t\t<div class=\"elementor-widget-container\">\n\t\t\t\t\t\t\t<div class=\"elementor-gallery__container\">\n\t\t\t\t\t\t\t<a class=\"e-gallery-item elementor-gallery-item elementor-animated-content\" href=\"https:\/\/www.busabt.hu\/wp-content\/uploads\/busa_blog_subsoiler_III_6.jpg\" data-elementor-open-lightbox=\"yes\" data-elementor-lightbox-slideshow=\"05ce9f7\" data-elementor-lightbox-title=\"busa_blog_subsoiler_III_6\" data-e-action-hash=\"#elementor-action%3Aaction%3Dlightbox%26settings%3DeyJpZCI6MzI1NTYsInVybCI6Imh0dHBzOlwvXC93d3cuYnVzYWJ0Lmh1XC93cC1jb250ZW50XC91cGxvYWRzXC9idXNhX2Jsb2dfc3Vic29pbGVyX0lJSV82LmpwZyIsInNsaWRlc2hvdyI6IjA1Y2U5ZjcifQ%3D%3D\">\n\t\t\t\t\t<div class=\"e-gallery-image elementor-gallery-item__image\" data-thumbnail=\"https:\/\/www.busabt.hu\/wp-content\/uploads\/busa_blog_subsoiler_III_6-768x512.jpg\" data-width=\"768\" data-height=\"512\" aria-label=\"\" role=\"img\" ><\/div>\n\t\t\t\t\t\t\t\t\t\t\t\t\t\t<\/a>\n\t\t\t\t\t\t\t<a class=\"e-gallery-item elementor-gallery-item elementor-animated-content\" href=\"https:\/\/www.busabt.hu\/wp-content\/uploads\/busa_blog_subsoiler_III_7.jpg\" data-elementor-open-lightbox=\"yes\" data-elementor-lightbox-slideshow=\"05ce9f7\" data-elementor-lightbox-title=\"busa_blog_subsoiler_III_7\" data-e-action-hash=\"#elementor-action%3Aaction%3Dlightbox%26settings%3DeyJpZCI6MzI1NTksInVybCI6Imh0dHBzOlwvXC93d3cuYnVzYWJ0Lmh1XC93cC1jb250ZW50XC91cGxvYWRzXC9idXNhX2Jsb2dfc3Vic29pbGVyX0lJSV83LmpwZyIsInNsaWRlc2hvdyI6IjA1Y2U5ZjcifQ%3D%3D\">\n\t\t\t\t\t<div class=\"e-gallery-image elementor-gallery-item__image\" data-thumbnail=\"https:\/\/www.busabt.hu\/wp-content\/uploads\/busa_blog_subsoiler_III_7-768x512.jpg\" data-width=\"768\" data-height=\"512\" aria-label=\"\" role=\"img\" ><\/div>\n\t\t\t\t\t\t\t\t\t\t\t\t\t\t<\/a>\n\t\t\t\t\t<\/div>\n\t\t\t\t\t<\/div>\n\t\t\t\t<\/div>\n\t\t\t\t\t<\/div>\n\t\t<\/div>\n\t\t\t\t\t<\/div>\n\t\t<\/section>\n\t\t\t\t<section class=\"elementor-section elementor-top-section elementor-element elementor-element-5e22b3d elementor-section-boxed elementor-section-height-default elementor-section-height-default\" data-id=\"5e22b3d\" data-element_type=\"section\">\n\t\t\t\t\t\t<div class=\"elementor-container elementor-column-gap-default\">\n\t\t\t\t\t<div class=\"elementor-column elementor-col-50 elementor-top-column elementor-element elementor-element-d235f94\" data-id=\"d235f94\" data-element_type=\"column\">\n\t\t\t<div class=\"elementor-widget-wrap elementor-element-populated\">\n\t\t\t\t\t\t<div class=\"elementor-element elementor-element-daf44ea elementor-widget elementor-widget-video\" data-id=\"daf44ea\" data-element_type=\"widget\" data-settings=\"{&quot;youtube_url&quot;:&quot;https:\\\/\\\/youtu.be\\\/s4pJa2SYIpo&quot;,&quot;video_type&quot;:&quot;youtube&quot;,&quot;controls&quot;:&quot;yes&quot;}\" data-widget_type=\"video.default\">\n\t\t\t\t<div class=\"elementor-widget-container\">\n\t\t\t\t\t\t\t<div class=\"elementor-wrapper elementor-open-inline\">\n\t\t\t<div class=\"elementor-video\"><\/div>\t\t<\/div>\n\t\t\t\t\t\t<\/div>\n\t\t\t\t<\/div>\n\t\t\t\t\t<\/div>\n\t\t<\/div>\n\t\t\t\t<div class=\"elementor-column elementor-col-50 elementor-top-column elementor-element elementor-element-fd2eb7e\" data-id=\"fd2eb7e\" data-element_type=\"column\">\n\t\t\t<div class=\"elementor-widget-wrap\">\n\t\t\t\t\t\t\t<\/div>\n\t\t<\/div>\n\t\t\t\t\t<\/div>\n\t\t<\/section>\n\t\t\t\t<\/div>\n\t\t","protected":false},"excerpt":{"rendered":"<p>Nous ameublissons le sol pour \u00e9liminer son compactage nocif. Au fil du temps et de l&rsquo;utilisation continue, notre sol devient compact et envas\u00e9, ce qui entra\u00eene une stagnation de l&rsquo;eau au printemps, une incapacit\u00e9 \u00e0 absorber les fortes pluies, un ruissellement de surface et un ass\u00e8chement rapide en \u00e9t\u00e9. Les plantes souffrent sur ce type [&hellip;]<\/p>\n","protected":false},"author":4,"featured_media":40862,"comment_status":"open","ping_status":"open","sticky":false,"template":"elementor_theme","format":"standard","meta":{"_exactmetrics_skip_tracking":false,"_exactmetrics_sitenote_active":false,"_exactmetrics_sitenote_note":"","_exactmetrics_sitenote_category":0,"footnotes":""},"categories":[311],"tags":[333,334],"class_list":["post-41453","post","type-post","status-publish","format-standard","has-post-thumbnail","hentry","category-articles-fr","tag-les-sous-soleuses","tag-sous-solage"],"yoast_head":"<!-- This site is optimized with the Yoast SEO plugin v27.5 - https:\/\/yoast.com\/product\/yoast-seo-wordpress\/ -->\n<title>Un Petit Rel\u00e2chement Estival - Une Histoire de Sous-solage Moyennement Profond - BUSA Bt.<\/title>\n<meta name=\"robots\" content=\"index, follow, max-snippet:-1, max-image-preview:large, max-video-preview:-1\" \/>\n<link rel=\"canonical\" href=\"https:\/\/www.busabt.hu\/fr\/blog\/un-petit-relachement-estival-une-histoire-de-sous-solage-moyennement-profond\/\" \/>\n<meta property=\"og:locale\" content=\"fr_FR\" \/>\n<meta property=\"og:type\" content=\"article\" \/>\n<meta property=\"og:title\" content=\"Un Petit Rel\u00e2chement Estival - Une Histoire de Sous-solage Moyennement Profond - BUSA Bt.\" \/>\n<meta property=\"og:description\" content=\"Nous ameublissons le sol pour \u00e9liminer son compactage nocif. Au fil du temps et de l&rsquo;utilisation continue, notre sol devient compact et envas\u00e9, ce qui entra\u00eene une stagnation de l&rsquo;eau au printemps, une incapacit\u00e9 \u00e0 absorber les fortes pluies, un ruissellement de surface et un ass\u00e8chement rapide en \u00e9t\u00e9. Les plantes souffrent sur ce type [&hellip;]\" \/>\n<meta property=\"og:url\" content=\"https:\/\/www.busabt.hu\/fr\/blog\/un-petit-relachement-estival-une-histoire-de-sous-solage-moyennement-profond\/\" \/>\n<meta property=\"og:site_name\" content=\"BUSA Bt.\" \/>\n<meta property=\"article:publisher\" content=\"https:\/\/www.facebook.com\/busamezogazdasag\/\" \/>\n<meta property=\"article:published_time\" content=\"2024-09-03T09:14:45+00:00\" \/>\n<meta property=\"article:modified_time\" content=\"2024-11-29T12:06:28+00:00\" \/>\n<meta property=\"og:image\" content=\"https:\/\/www.busabt.hu\/wp-content\/uploads\/busa_blog_subsoiler_III_0.jpg\" \/>\n\t<meta property=\"og:image:width\" content=\"1770\" \/>\n\t<meta property=\"og:image:height\" content=\"1180\" \/>\n\t<meta property=\"og:image:type\" content=\"image\/jpeg\" \/>\n<meta name=\"author\" content=\"Szilvi\" \/>\n<meta name=\"twitter:card\" content=\"summary_large_image\" \/>\n<meta name=\"twitter:label1\" content=\"\u00c9crit par\" \/>\n\t<meta name=\"twitter:data1\" content=\"Szilvi\" \/>\n\t<meta name=\"twitter:label2\" content=\"Dur\u00e9e de lecture estim\u00e9e\" \/>\n\t<meta name=\"twitter:data2\" content=\"7 minutes\" \/>\n<script type=\"application\/ld+json\" class=\"yoast-schema-graph\">{\"@context\":\"https:\\\/\\\/schema.org\",\"@graph\":[{\"@type\":\"Article\",\"@id\":\"https:\\\/\\\/www.busabt.hu\\\/fr\\\/blog\\\/un-petit-relachement-estival-une-histoire-de-sous-solage-moyennement-profond\\\/#article\",\"isPartOf\":{\"@id\":\"https:\\\/\\\/www.busabt.hu\\\/fr\\\/blog\\\/un-petit-relachement-estival-une-histoire-de-sous-solage-moyennement-profond\\\/\"},\"author\":{\"name\":\"Szilvi\",\"@id\":\"https:\\\/\\\/www.busabt.hu\\\/#\\\/schema\\\/person\\\/d5c0ed5860e040ed889d7830dce34a4d\"},\"headline\":\"Un Petit Rel\u00e2chement Estival &#8211; Une Histoire de Sous-solage Moyennement Profond\",\"datePublished\":\"2024-09-03T09:14:45+00:00\",\"dateModified\":\"2024-11-29T12:06:28+00:00\",\"mainEntityOfPage\":{\"@id\":\"https:\\\/\\\/www.busabt.hu\\\/fr\\\/blog\\\/un-petit-relachement-estival-une-histoire-de-sous-solage-moyennement-profond\\\/\"},\"wordCount\":1350,\"commentCount\":0,\"publisher\":{\"@id\":\"https:\\\/\\\/www.busabt.hu\\\/#organization\"},\"image\":{\"@id\":\"https:\\\/\\\/www.busabt.hu\\\/fr\\\/blog\\\/un-petit-relachement-estival-une-histoire-de-sous-solage-moyennement-profond\\\/#primaryimage\"},\"thumbnailUrl\":\"https:\\\/\\\/www.busabt.hu\\\/wp-content\\\/uploads\\\/busa_blog_subsoiler_III_0.jpg\",\"keywords\":[\"Les Sous-Soleuses\",\"sous-solage\"],\"articleSection\":[\"Articles\"],\"inLanguage\":\"fr-FR\",\"potentialAction\":[{\"@type\":\"CommentAction\",\"name\":\"Comment\",\"target\":[\"https:\\\/\\\/www.busabt.hu\\\/fr\\\/blog\\\/un-petit-relachement-estival-une-histoire-de-sous-solage-moyennement-profond\\\/#respond\"]}]},{\"@type\":\"WebPage\",\"@id\":\"https:\\\/\\\/www.busabt.hu\\\/fr\\\/blog\\\/un-petit-relachement-estival-une-histoire-de-sous-solage-moyennement-profond\\\/\",\"url\":\"https:\\\/\\\/www.busabt.hu\\\/fr\\\/blog\\\/un-petit-relachement-estival-une-histoire-de-sous-solage-moyennement-profond\\\/\",\"name\":\"Un Petit Rel\u00e2chement Estival - Une Histoire de Sous-solage Moyennement Profond - BUSA Bt.\",\"isPartOf\":{\"@id\":\"https:\\\/\\\/www.busabt.hu\\\/#website\"},\"primaryImageOfPage\":{\"@id\":\"https:\\\/\\\/www.busabt.hu\\\/fr\\\/blog\\\/un-petit-relachement-estival-une-histoire-de-sous-solage-moyennement-profond\\\/#primaryimage\"},\"image\":{\"@id\":\"https:\\\/\\\/www.busabt.hu\\\/fr\\\/blog\\\/un-petit-relachement-estival-une-histoire-de-sous-solage-moyennement-profond\\\/#primaryimage\"},\"thumbnailUrl\":\"https:\\\/\\\/www.busabt.hu\\\/wp-content\\\/uploads\\\/busa_blog_subsoiler_III_0.jpg\",\"datePublished\":\"2024-09-03T09:14:45+00:00\",\"dateModified\":\"2024-11-29T12:06:28+00:00\",\"breadcrumb\":{\"@id\":\"https:\\\/\\\/www.busabt.hu\\\/fr\\\/blog\\\/un-petit-relachement-estival-une-histoire-de-sous-solage-moyennement-profond\\\/#breadcrumb\"},\"inLanguage\":\"fr-FR\",\"potentialAction\":[{\"@type\":\"ReadAction\",\"target\":[\"https:\\\/\\\/www.busabt.hu\\\/fr\\\/blog\\\/un-petit-relachement-estival-une-histoire-de-sous-solage-moyennement-profond\\\/\"]}]},{\"@type\":\"ImageObject\",\"inLanguage\":\"fr-FR\",\"@id\":\"https:\\\/\\\/www.busabt.hu\\\/fr\\\/blog\\\/un-petit-relachement-estival-une-histoire-de-sous-solage-moyennement-profond\\\/#primaryimage\",\"url\":\"https:\\\/\\\/www.busabt.hu\\\/wp-content\\\/uploads\\\/busa_blog_subsoiler_III_0.jpg\",\"contentUrl\":\"https:\\\/\\\/www.busabt.hu\\\/wp-content\\\/uploads\\\/busa_blog_subsoiler_III_0.jpg\",\"width\":1770,\"height\":1180},{\"@type\":\"BreadcrumbList\",\"@id\":\"https:\\\/\\\/www.busabt.hu\\\/fr\\\/blog\\\/un-petit-relachement-estival-une-histoire-de-sous-solage-moyennement-profond\\\/#breadcrumb\",\"itemListElement\":[{\"@type\":\"ListItem\",\"position\":1,\"name\":\"Kezd\u0151lap\",\"item\":\"https:\\\/\\\/www.busabt.hu\\\/fr\\\/accueil\\\/\"},{\"@type\":\"ListItem\",\"position\":2,\"name\":\"Un Petit Rel\u00e2chement Estival &#8211; Une Histoire de Sous-solage Moyennement Profond\"}]},{\"@type\":\"WebSite\",\"@id\":\"https:\\\/\\\/www.busabt.hu\\\/#website\",\"url\":\"https:\\\/\\\/www.busabt.hu\\\/\",\"name\":\"BUSA Bt.\",\"description\":\"BUSA Mez\u0151gazdas\u00e1gi G\u00e9pgy\u00e1r Bt.\",\"publisher\":{\"@id\":\"https:\\\/\\\/www.busabt.hu\\\/#organization\"},\"potentialAction\":[{\"@type\":\"SearchAction\",\"target\":{\"@type\":\"EntryPoint\",\"urlTemplate\":\"https:\\\/\\\/www.busabt.hu\\\/?s={search_term_string}\"},\"query-input\":{\"@type\":\"PropertyValueSpecification\",\"valueRequired\":true,\"valueName\":\"search_term_string\"}}],\"inLanguage\":\"fr-FR\"},{\"@type\":\"Organization\",\"@id\":\"https:\\\/\\\/www.busabt.hu\\\/#organization\",\"name\":\"BUSA Mez\u0151gazdas\u00e1gi G\u00e9pgy\u00e1r Bt.\",\"url\":\"https:\\\/\\\/www.busabt.hu\\\/\",\"logo\":{\"@type\":\"ImageObject\",\"inLanguage\":\"fr-FR\",\"@id\":\"https:\\\/\\\/www.busabt.hu\\\/#\\\/schema\\\/logo\\\/image\\\/\",\"url\":\"https:\\\/\\\/www.busabt.hu\\\/wp-content\\\/uploads\\\/2021\\\/02\\\/logo.png\",\"contentUrl\":\"https:\\\/\\\/www.busabt.hu\\\/wp-content\\\/uploads\\\/2021\\\/02\\\/logo.png\",\"width\":241,\"height\":58,\"caption\":\"BUSA Mez\u0151gazdas\u00e1gi G\u00e9pgy\u00e1r Bt.\"},\"image\":{\"@id\":\"https:\\\/\\\/www.busabt.hu\\\/#\\\/schema\\\/logo\\\/image\\\/\"},\"sameAs\":[\"https:\\\/\\\/www.facebook.com\\\/busamezogazdasag\\\/\",\"https:\\\/\\\/www.instagram.com\\\/busaagriculture\\\/\",\"https:\\\/\\\/www.youtube.com\\\/user\\\/busabt\"]},{\"@type\":\"Person\",\"@id\":\"https:\\\/\\\/www.busabt.hu\\\/#\\\/schema\\\/person\\\/d5c0ed5860e040ed889d7830dce34a4d\",\"name\":\"Szilvi\",\"image\":{\"@type\":\"ImageObject\",\"inLanguage\":\"fr-FR\",\"@id\":\"https:\\\/\\\/secure.gravatar.com\\\/avatar\\\/101f0399c7231dc15513aa480e5045a0da0468b08dd70fa2395604f17a157bab?s=96&d=mm&r=g\",\"url\":\"https:\\\/\\\/secure.gravatar.com\\\/avatar\\\/101f0399c7231dc15513aa480e5045a0da0468b08dd70fa2395604f17a157bab?s=96&d=mm&r=g\",\"contentUrl\":\"https:\\\/\\\/secure.gravatar.com\\\/avatar\\\/101f0399c7231dc15513aa480e5045a0da0468b08dd70fa2395604f17a157bab?s=96&d=mm&r=g\",\"caption\":\"Szilvi\"}}]}<\/script>\n<!-- \/ Yoast SEO plugin. -->","yoast_head_json":{"title":"Un Petit Rel\u00e2chement Estival - Une Histoire de Sous-solage Moyennement Profond - BUSA Bt.","robots":{"index":"index","follow":"follow","max-snippet":"max-snippet:-1","max-image-preview":"max-image-preview:large","max-video-preview":"max-video-preview:-1"},"canonical":"https:\/\/www.busabt.hu\/fr\/blog\/un-petit-relachement-estival-une-histoire-de-sous-solage-moyennement-profond\/","og_locale":"fr_FR","og_type":"article","og_title":"Un Petit Rel\u00e2chement Estival - Une Histoire de Sous-solage Moyennement Profond - BUSA Bt.","og_description":"Nous ameublissons le sol pour \u00e9liminer son compactage nocif. Au fil du temps et de l&rsquo;utilisation continue, notre sol devient compact et envas\u00e9, ce qui entra\u00eene une stagnation de l&rsquo;eau au printemps, une incapacit\u00e9 \u00e0 absorber les fortes pluies, un ruissellement de surface et un ass\u00e8chement rapide en \u00e9t\u00e9. Les plantes souffrent sur ce type [&hellip;]","og_url":"https:\/\/www.busabt.hu\/fr\/blog\/un-petit-relachement-estival-une-histoire-de-sous-solage-moyennement-profond\/","og_site_name":"BUSA Bt.","article_publisher":"https:\/\/www.facebook.com\/busamezogazdasag\/","article_published_time":"2024-09-03T09:14:45+00:00","article_modified_time":"2024-11-29T12:06:28+00:00","og_image":[{"width":1770,"height":1180,"url":"https:\/\/www.busabt.hu\/wp-content\/uploads\/busa_blog_subsoiler_III_0.jpg","type":"image\/jpeg"}],"author":"Szilvi","twitter_card":"summary_large_image","twitter_misc":{"\u00c9crit par":"Szilvi","Dur\u00e9e de lecture estim\u00e9e":"7 minutes"},"schema":{"@context":"https:\/\/schema.org","@graph":[{"@type":"Article","@id":"https:\/\/www.busabt.hu\/fr\/blog\/un-petit-relachement-estival-une-histoire-de-sous-solage-moyennement-profond\/#article","isPartOf":{"@id":"https:\/\/www.busabt.hu\/fr\/blog\/un-petit-relachement-estival-une-histoire-de-sous-solage-moyennement-profond\/"},"author":{"name":"Szilvi","@id":"https:\/\/www.busabt.hu\/#\/schema\/person\/d5c0ed5860e040ed889d7830dce34a4d"},"headline":"Un Petit Rel\u00e2chement Estival &#8211; Une Histoire de Sous-solage Moyennement Profond","datePublished":"2024-09-03T09:14:45+00:00","dateModified":"2024-11-29T12:06:28+00:00","mainEntityOfPage":{"@id":"https:\/\/www.busabt.hu\/fr\/blog\/un-petit-relachement-estival-une-histoire-de-sous-solage-moyennement-profond\/"},"wordCount":1350,"commentCount":0,"publisher":{"@id":"https:\/\/www.busabt.hu\/#organization"},"image":{"@id":"https:\/\/www.busabt.hu\/fr\/blog\/un-petit-relachement-estival-une-histoire-de-sous-solage-moyennement-profond\/#primaryimage"},"thumbnailUrl":"https:\/\/www.busabt.hu\/wp-content\/uploads\/busa_blog_subsoiler_III_0.jpg","keywords":["Les Sous-Soleuses","sous-solage"],"articleSection":["Articles"],"inLanguage":"fr-FR","potentialAction":[{"@type":"CommentAction","name":"Comment","target":["https:\/\/www.busabt.hu\/fr\/blog\/un-petit-relachement-estival-une-histoire-de-sous-solage-moyennement-profond\/#respond"]}]},{"@type":"WebPage","@id":"https:\/\/www.busabt.hu\/fr\/blog\/un-petit-relachement-estival-une-histoire-de-sous-solage-moyennement-profond\/","url":"https:\/\/www.busabt.hu\/fr\/blog\/un-petit-relachement-estival-une-histoire-de-sous-solage-moyennement-profond\/","name":"Un Petit Rel\u00e2chement Estival - Une Histoire de Sous-solage Moyennement Profond - BUSA Bt.","isPartOf":{"@id":"https:\/\/www.busabt.hu\/#website"},"primaryImageOfPage":{"@id":"https:\/\/www.busabt.hu\/fr\/blog\/un-petit-relachement-estival-une-histoire-de-sous-solage-moyennement-profond\/#primaryimage"},"image":{"@id":"https:\/\/www.busabt.hu\/fr\/blog\/un-petit-relachement-estival-une-histoire-de-sous-solage-moyennement-profond\/#primaryimage"},"thumbnailUrl":"https:\/\/www.busabt.hu\/wp-content\/uploads\/busa_blog_subsoiler_III_0.jpg","datePublished":"2024-09-03T09:14:45+00:00","dateModified":"2024-11-29T12:06:28+00:00","breadcrumb":{"@id":"https:\/\/www.busabt.hu\/fr\/blog\/un-petit-relachement-estival-une-histoire-de-sous-solage-moyennement-profond\/#breadcrumb"},"inLanguage":"fr-FR","potentialAction":[{"@type":"ReadAction","target":["https:\/\/www.busabt.hu\/fr\/blog\/un-petit-relachement-estival-une-histoire-de-sous-solage-moyennement-profond\/"]}]},{"@type":"ImageObject","inLanguage":"fr-FR","@id":"https:\/\/www.busabt.hu\/fr\/blog\/un-petit-relachement-estival-une-histoire-de-sous-solage-moyennement-profond\/#primaryimage","url":"https:\/\/www.busabt.hu\/wp-content\/uploads\/busa_blog_subsoiler_III_0.jpg","contentUrl":"https:\/\/www.busabt.hu\/wp-content\/uploads\/busa_blog_subsoiler_III_0.jpg","width":1770,"height":1180},{"@type":"BreadcrumbList","@id":"https:\/\/www.busabt.hu\/fr\/blog\/un-petit-relachement-estival-une-histoire-de-sous-solage-moyennement-profond\/#breadcrumb","itemListElement":[{"@type":"ListItem","position":1,"name":"Kezd\u0151lap","item":"https:\/\/www.busabt.hu\/fr\/accueil\/"},{"@type":"ListItem","position":2,"name":"Un Petit Rel\u00e2chement Estival &#8211; Une Histoire de Sous-solage Moyennement Profond"}]},{"@type":"WebSite","@id":"https:\/\/www.busabt.hu\/#website","url":"https:\/\/www.busabt.hu\/","name":"BUSA Bt.","description":"BUSA Mez\u0151gazdas\u00e1gi G\u00e9pgy\u00e1r Bt.","publisher":{"@id":"https:\/\/www.busabt.hu\/#organization"},"potentialAction":[{"@type":"SearchAction","target":{"@type":"EntryPoint","urlTemplate":"https:\/\/www.busabt.hu\/?s={search_term_string}"},"query-input":{"@type":"PropertyValueSpecification","valueRequired":true,"valueName":"search_term_string"}}],"inLanguage":"fr-FR"},{"@type":"Organization","@id":"https:\/\/www.busabt.hu\/#organization","name":"BUSA Mez\u0151gazdas\u00e1gi G\u00e9pgy\u00e1r Bt.","url":"https:\/\/www.busabt.hu\/","logo":{"@type":"ImageObject","inLanguage":"fr-FR","@id":"https:\/\/www.busabt.hu\/#\/schema\/logo\/image\/","url":"https:\/\/www.busabt.hu\/wp-content\/uploads\/2021\/02\/logo.png","contentUrl":"https:\/\/www.busabt.hu\/wp-content\/uploads\/2021\/02\/logo.png","width":241,"height":58,"caption":"BUSA Mez\u0151gazdas\u00e1gi G\u00e9pgy\u00e1r Bt."},"image":{"@id":"https:\/\/www.busabt.hu\/#\/schema\/logo\/image\/"},"sameAs":["https:\/\/www.facebook.com\/busamezogazdasag\/","https:\/\/www.instagram.com\/busaagriculture\/","https:\/\/www.youtube.com\/user\/busabt"]},{"@type":"Person","@id":"https:\/\/www.busabt.hu\/#\/schema\/person\/d5c0ed5860e040ed889d7830dce34a4d","name":"Szilvi","image":{"@type":"ImageObject","inLanguage":"fr-FR","@id":"https:\/\/secure.gravatar.com\/avatar\/101f0399c7231dc15513aa480e5045a0da0468b08dd70fa2395604f17a157bab?s=96&d=mm&r=g","url":"https:\/\/secure.gravatar.com\/avatar\/101f0399c7231dc15513aa480e5045a0da0468b08dd70fa2395604f17a157bab?s=96&d=mm&r=g","contentUrl":"https:\/\/secure.gravatar.com\/avatar\/101f0399c7231dc15513aa480e5045a0da0468b08dd70fa2395604f17a157bab?s=96&d=mm&r=g","caption":"Szilvi"}}]}},"_links":{"self":[{"href":"https:\/\/www.busabt.hu\/fr\/wp-json\/wp\/v2\/posts\/41453","targetHints":{"allow":["GET"]}}],"collection":[{"href":"https:\/\/www.busabt.hu\/fr\/wp-json\/wp\/v2\/posts"}],"about":[{"href":"https:\/\/www.busabt.hu\/fr\/wp-json\/wp\/v2\/types\/post"}],"author":[{"embeddable":true,"href":"https:\/\/www.busabt.hu\/fr\/wp-json\/wp\/v2\/users\/4"}],"replies":[{"embeddable":true,"href":"https:\/\/www.busabt.hu\/fr\/wp-json\/wp\/v2\/comments?post=41453"}],"version-history":[{"count":1,"href":"https:\/\/www.busabt.hu\/fr\/wp-json\/wp\/v2\/posts\/41453\/revisions"}],"predecessor-version":[{"id":41454,"href":"https:\/\/www.busabt.hu\/fr\/wp-json\/wp\/v2\/posts\/41453\/revisions\/41454"}],"wp:featuredmedia":[{"embeddable":true,"href":"https:\/\/www.busabt.hu\/fr\/wp-json\/wp\/v2\/media\/40862"}],"wp:attachment":[{"href":"https:\/\/www.busabt.hu\/fr\/wp-json\/wp\/v2\/media?parent=41453"}],"wp:term":[{"taxonomy":"category","embeddable":true,"href":"https:\/\/www.busabt.hu\/fr\/wp-json\/wp\/v2\/categories?post=41453"},{"taxonomy":"post_tag","embeddable":true,"href":"https:\/\/www.busabt.hu\/fr\/wp-json\/wp\/v2\/tags?post=41453"}],"curies":[{"name":"wp","href":"https:\/\/api.w.org\/{rel}","templated":true}]}}